{"id":952,"date":"2016-05-28T14:50:41","date_gmt":"2016-05-28T14:50:41","guid":{"rendered":"http:\/\/nadineimboden.cyon.site\/medien-nacht-2016-2\/"},"modified":"2016-05-28T14:50:41","modified_gmt":"2016-05-28T14:50:41","slug":"medien-nacht-2016","status":"publish","type":"post","link":"https:\/\/nadine-imboden.ch\/en\/medien-nacht-2016\/","title":{"rendered":"&#8220;MEDIENSTAR&#8221; AWARD 2016"},"content":{"rendered":"<p><strong>Ein Ball der Solidarit\u00e4t<\/strong><\/p>\n<p>Bereits zum dritten Mal wurde von einer mehrk\u00f6pfigen Jury ein neuer Medienstar gek\u00fcrt.<\/p>\n<p>\u00dcber 600 G\u00e4ste waren dabei, als an der 85. Mediennacht\u00a0Susanne Wille mit dem 3. \u00abMedienStar\u00bb-Award geehrt wurde. Damit ist Susanne Wille die erste Frau, die diesen Preis entgegennehmen darf. Die Schweizer Journalistin und Moderatorin wurde insbesondere f\u00fcr ihren professionellen und verdienstvollen Auftritt als Moderatorin w\u00e4hrend den Bundesratswahlen 2015 ausgezeichnet.<\/p>\n<p>&nbsp;<\/p>\n<p>Veranstalter; Russen &amp; Berger<br \/>\nAblaufregie; Nadine Imboden<br \/>\nModeration; Dominique Rinderknecht &amp; Marco Fritsche<br \/>\nBig Band; Pepe Lienhard Orchester &amp; Marc Sway<br \/>\nVeranstaltungsort; Kongresshaus Z\u00fcrich<\/p>\n","protected":false},"excerpt":{"rendered":"<p>Ein Ball der Solidarit\u00e4t Bereits zum dritten Mal wurde von einer mehrk\u00f6pfigen Jury ein neuer Medienstar gek\u00fcrt. \u00dcber 600 G\u00e4ste waren dabei, als an der 85. Mediennacht\u00a0Susanne Wille mit dem 3. \u00abMedienStar\u00bb-Award geehrt wurde. Damit ist Susanne Wille die erste Frau, die diesen Preis entgegennehmen darf. Die Schweizer Journalistin und Moderatorin wurde insbesondere f\u00fcr ihren [&hellip;]<\/p>\n","protected":false},"author":3,"featured_media":948,"comment_status":"closed","ping_status":"open","sticky":false,"template":"","format":"standard","meta":{"inline_featured_image":false},"categories":[4],"tags":[],"yoast_head":"<!-- This site is optimized with the Yoast SEO plugin v21.8.1 - https:\/\/yoast.com\/wordpress\/plugins\/seo\/ -->\n<title>&quot;MEDIENSTAR&quot; AWARD 2016 - Nadine Imboden<\/title>\n<meta name=\"robots\" content=\"index, follow, max-snippet:-1, max-image-preview:large, max-video-preview:-1\" \/>\n<link rel=\"canonical\" href=\"https:\/\/nadine-imboden.ch\/en\/medien-nacht-2016\/\" \/>\n<meta property=\"og:locale\" content=\"en_GB\" \/>\n<meta property=\"og:type\" content=\"article\" \/>\n<meta property=\"og:title\" content=\"&quot;MEDIENSTAR&quot; AWARD 2016 - Nadine Imboden\" \/>\n<meta property=\"og:description\" content=\"Ein Ball der Solidarit\u00e4t Bereits zum dritten Mal wurde von einer mehrk\u00f6pfigen Jury ein neuer Medienstar gek\u00fcrt. \u00dcber 600 G\u00e4ste waren dabei, als an der 85. Mediennacht\u00a0Susanne Wille mit dem 3. \u00abMedienStar\u00bb-Award geehrt wurde. Damit ist Susanne Wille die erste Frau, die diesen Preis entgegennehmen darf. Die Schweizer Journalistin und Moderatorin wurde insbesondere f\u00fcr ihren [&hellip;]\" \/>\n<meta property=\"og:url\" content=\"https:\/\/nadine-imboden.ch\/en\/medien-nacht-2016\/\" \/>\n<meta property=\"og:site_name\" content=\"Nadine Imboden\" \/>\n<meta property=\"article:publisher\" content=\"https:\/\/www.facebook.com\/nadine.imboden\" \/>\n<meta property=\"article:published_time\" content=\"2016-05-28T14:50:41+00:00\" \/>\n<meta property=\"og:image\" content=\"https:\/\/nadine-imboden.ch\/wp-content\/uploads\/2014\/11\/MedienNacht-2016-1024x553.jpg\" \/>\n\t<meta property=\"og:image:width\" content=\"1024\" \/>\n\t<meta property=\"og:image:height\" content=\"553\" \/>\n\t<meta property=\"og:image:type\" content=\"image\/jpeg\" \/>\n<meta name=\"author\" content=\"nadine_admin\" \/>\n<meta name=\"twitter:card\" content=\"summary_large_image\" \/>\n<meta name=\"twitter:creator\" content=\"@NadineImboden\" \/>\n<meta name=\"twitter:site\" content=\"@NadineImboden\" \/>\n<meta name=\"twitter:label1\" content=\"Written by\" \/>\n\t<meta name=\"twitter:data1\" content=\"nadine_admin\" \/>\n<script type=\"application\/ld+json\" class=\"yoast-schema-graph\">{\"@context\":\"https:\/\/schema.org\",\"@graph\":[{\"@type\":\"Article\",\"@id\":\"https:\/\/nadine-imboden.ch\/en\/medien-nacht-2016\/#article\",\"isPartOf\":{\"@id\":\"https:\/\/nadine-imboden.ch\/en\/medien-nacht-2016\/\"},\"author\":{\"name\":\"nadine_admin\",\"@id\":\"https:\/\/nadine-imboden.ch\/en\/#\/schema\/person\/9002b665a56f94466e85caccc4136e94\"},\"headline\":\"&#8220;MEDIENSTAR&#8221; AWARD 2016\",\"datePublished\":\"2016-05-28T14:50:41+00:00\",\"dateModified\":\"2016-05-28T14:50:41+00:00\",\"mainEntityOfPage\":{\"@id\":\"https:\/\/nadine-imboden.ch\/en\/medien-nacht-2016\/\"},\"wordCount\":98,\"publisher\":{\"@id\":\"https:\/\/nadine-imboden.ch\/en\/#organization\"},\"articleSection\":[\"Uncategorized @en\"],\"inLanguage\":\"en-GB\"},{\"@type\":\"WebPage\",\"@id\":\"https:\/\/nadine-imboden.ch\/en\/medien-nacht-2016\/\",\"url\":\"https:\/\/nadine-imboden.ch\/en\/medien-nacht-2016\/\",\"name\":\"\\\"MEDIENSTAR\\\" AWARD 2016 - Nadine Imboden\",\"isPartOf\":{\"@id\":\"https:\/\/nadine-imboden.ch\/en\/#website\"},\"datePublished\":\"2016-05-28T14:50:41+00:00\",\"dateModified\":\"2016-05-28T14:50:41+00:00\",\"breadcrumb\":{\"@id\":\"https:\/\/nadine-imboden.ch\/en\/medien-nacht-2016\/#breadcrumb\"},\"inLanguage\":\"en-GB\",\"potentialAction\":[{\"@type\":\"ReadAction\",\"target\":[\"https:\/\/nadine-imboden.ch\/en\/medien-nacht-2016\/\"]}]},{\"@type\":\"BreadcrumbList\",\"@id\":\"https:\/\/nadine-imboden.ch\/en\/medien-nacht-2016\/#breadcrumb\",\"itemListElement\":[{\"@type\":\"ListItem\",\"position\":1,\"name\":\"Startseite\",\"item\":\"https:\/\/nadine-imboden.ch\/en\/\"},{\"@type\":\"ListItem\",\"position\":2,\"name\":\"&#8220;MEDIENSTAR&#8221; AWARD 2016\"}]},{\"@type\":\"WebSite\",\"@id\":\"https:\/\/nadine-imboden.ch\/en\/#website\",\"url\":\"https:\/\/nadine-imboden.ch\/en\/\",\"name\":\"Nadine Imboden\",\"description\":\"\",\"publisher\":{\"@id\":\"https:\/\/nadine-imboden.ch\/en\/#organization\"},\"potentialAction\":[{\"@type\":\"SearchAction\",\"target\":{\"@type\":\"EntryPoint\",\"urlTemplate\":\"https:\/\/nadine-imboden.ch\/en\/?s={search_term_string}\"},\"query-input\":\"required name=search_term_string\"}],\"inLanguage\":\"en-GB\"},{\"@type\":\"Organization\",\"@id\":\"https:\/\/nadine-imboden.ch\/en\/#organization\",\"name\":\"Nadine Imboden GmbH\",\"url\":\"https:\/\/nadine-imboden.ch\/en\/\",\"logo\":{\"@type\":\"ImageObject\",\"inLanguage\":\"en-GB\",\"@id\":\"https:\/\/nadine-imboden.ch\/en\/#\/schema\/logo\/image\/\",\"url\":\"https:\/\/nadine-imboden.ch\/wp-content\/uploads\/2020\/06\/ni_outline_web.png\",\"contentUrl\":\"https:\/\/nadine-imboden.ch\/wp-content\/uploads\/2020\/06\/ni_outline_web.png\",\"width\":217,\"height\":217,\"caption\":\"Nadine Imboden GmbH\"},\"image\":{\"@id\":\"https:\/\/nadine-imboden.ch\/en\/#\/schema\/logo\/image\/\"},\"sameAs\":[\"https:\/\/www.facebook.com\/nadine.imboden\",\"https:\/\/twitter.com\/NadineImboden\",\"https:\/\/www.instagram.com\/nadineimboden\/\",\"https:\/\/www.linkedin.com\/in\/nadine-imboden-7a282333\/\",\"https:\/\/www.youtube.com\/channel\/UCeoSl_yoKiFl9ltQ82Iit2w?view_as=subscriber\"]},{\"@type\":\"Person\",\"@id\":\"https:\/\/nadine-imboden.ch\/en\/#\/schema\/person\/9002b665a56f94466e85caccc4136e94\",\"name\":\"nadine_admin\"}]}<\/script>\n<!-- \/ Yoast SEO plugin. -->","yoast_head_json":{"title":"\"MEDIENSTAR\" AWARD 2016 - Nadine Imboden","robots":{"index":"index","follow":"follow","max-snippet":"max-snippet:-1","max-image-preview":"max-image-preview:large","max-video-preview":"max-video-preview:-1"},"canonical":"https:\/\/nadine-imboden.ch\/en\/medien-nacht-2016\/","og_locale":"en_GB","og_type":"article","og_title":"\"MEDIENSTAR\" AWARD 2016 - Nadine Imboden","og_description":"Ein Ball der Solidarit\u00e4t Bereits zum dritten Mal wurde von einer mehrk\u00f6pfigen Jury ein neuer Medienstar gek\u00fcrt. \u00dcber 600 G\u00e4ste waren dabei, als an der 85. Mediennacht\u00a0Susanne Wille mit dem 3. \u00abMedienStar\u00bb-Award geehrt wurde. Damit ist Susanne Wille die erste Frau, die diesen Preis entgegennehmen darf. Die Schweizer Journalistin und Moderatorin wurde insbesondere f\u00fcr ihren [&hellip;]","og_url":"https:\/\/nadine-imboden.ch\/en\/medien-nacht-2016\/","og_site_name":"Nadine Imboden","article_publisher":"https:\/\/www.facebook.com\/nadine.imboden","article_published_time":"2016-05-28T14:50:41+00:00","og_image":[{"width":1024,"height":553,"url":"https:\/\/nadine-imboden.ch\/wp-content\/uploads\/2014\/11\/MedienNacht-2016-1024x553.jpg","type":"image\/jpeg"}],"author":"nadine_admin","twitter_card":"summary_large_image","twitter_creator":"@NadineImboden","twitter_site":"@NadineImboden","twitter_misc":{"Written by":"nadine_admin"},"schema":{"@context":"https:\/\/schema.org","@graph":[{"@type":"Article","@id":"https:\/\/nadine-imboden.ch\/en\/medien-nacht-2016\/#article","isPartOf":{"@id":"https:\/\/nadine-imboden.ch\/en\/medien-nacht-2016\/"},"author":{"name":"nadine_admin","@id":"https:\/\/nadine-imboden.ch\/en\/#\/schema\/person\/9002b665a56f94466e85caccc4136e94"},"headline":"&#8220;MEDIENSTAR&#8221; AWARD 2016","datePublished":"2016-05-28T14:50:41+00:00","dateModified":"2016-05-28T14:50:41+00:00","mainEntityOfPage":{"@id":"https:\/\/nadine-imboden.ch\/en\/medien-nacht-2016\/"},"wordCount":98,"publisher":{"@id":"https:\/\/nadine-imboden.ch\/en\/#organization"},"articleSection":["Uncategorized @en"],"inLanguage":"en-GB"},{"@type":"WebPage","@id":"https:\/\/nadine-imboden.ch\/en\/medien-nacht-2016\/","url":"https:\/\/nadine-imboden.ch\/en\/medien-nacht-2016\/","name":"\"MEDIENSTAR\" AWARD 2016 - Nadine Imboden","isPartOf":{"@id":"https:\/\/nadine-imboden.ch\/en\/#website"},"datePublished":"2016-05-28T14:50:41+00:00","dateModified":"2016-05-28T14:50:41+00:00","breadcrumb":{"@id":"https:\/\/nadine-imboden.ch\/en\/medien-nacht-2016\/#breadcrumb"},"inLanguage":"en-GB","potentialAction":[{"@type":"ReadAction","target":["https:\/\/nadine-imboden.ch\/en\/medien-nacht-2016\/"]}]},{"@type":"BreadcrumbList","@id":"https:\/\/nadine-imboden.ch\/en\/medien-nacht-2016\/#breadcrumb","itemListElement":[{"@type":"ListItem","position":1,"name":"Startseite","item":"https:\/\/nadine-imboden.ch\/en\/"},{"@type":"ListItem","position":2,"name":"&#8220;MEDIENSTAR&#8221; AWARD 2016"}]},{"@type":"WebSite","@id":"https:\/\/nadine-imboden.ch\/en\/#website","url":"https:\/\/nadine-imboden.ch\/en\/","name":"Nadine Imboden","description":"","publisher":{"@id":"https:\/\/nadine-imboden.ch\/en\/#organization"},"potentialAction":[{"@type":"SearchAction","target":{"@type":"EntryPoint","urlTemplate":"https:\/\/nadine-imboden.ch\/en\/?s={search_term_string}"},"query-input":"required name=search_term_string"}],"inLanguage":"en-GB"},{"@type":"Organization","@id":"https:\/\/nadine-imboden.ch\/en\/#organization","name":"Nadine Imboden GmbH","url":"https:\/\/nadine-imboden.ch\/en\/","logo":{"@type":"ImageObject","inLanguage":"en-GB","@id":"https:\/\/nadine-imboden.ch\/en\/#\/schema\/logo\/image\/","url":"https:\/\/nadine-imboden.ch\/wp-content\/uploads\/2020\/06\/ni_outline_web.png","contentUrl":"https:\/\/nadine-imboden.ch\/wp-content\/uploads\/2020\/06\/ni_outline_web.png","width":217,"height":217,"caption":"Nadine Imboden GmbH"},"image":{"@id":"https:\/\/nadine-imboden.ch\/en\/#\/schema\/logo\/image\/"},"sameAs":["https:\/\/www.facebook.com\/nadine.imboden","https:\/\/twitter.com\/NadineImboden","https:\/\/www.instagram.com\/nadineimboden\/","https:\/\/www.linkedin.com\/in\/nadine-imboden-7a282333\/","https:\/\/www.youtube.com\/channel\/UCeoSl_yoKiFl9ltQ82Iit2w?view_as=subscriber"]},{"@type":"Person","@id":"https:\/\/nadine-imboden.ch\/en\/#\/schema\/person\/9002b665a56f94466e85caccc4136e94","name":"nadine_admin"}]}},"_links":{"self":[{"href":"https:\/\/nadine-imboden.ch\/en\/wp-json\/wp\/v2\/posts\/952"}],"collection":[{"href":"https:\/\/nadine-imboden.ch\/en\/wp-json\/wp\/v2\/posts"}],"about":[{"href":"https:\/\/nadine-imboden.ch\/en\/wp-json\/wp\/v2\/types\/post"}],"author":[{"embeddable":true,"href":"https:\/\/nadine-imboden.ch\/en\/wp-json\/wp\/v2\/users\/3"}],"replies":[{"embeddable":true,"href":"https:\/\/nadine-imboden.ch\/en\/wp-json\/wp\/v2\/comments?post=952"}],"version-history":[{"count":0,"href":"https:\/\/nadine-imboden.ch\/en\/wp-json\/wp\/v2\/posts\/952\/revisions"}],"wp:featuredmedia":[{"embeddable":true,"href":"https:\/\/nadine-imboden.ch\/en\/wp-json\/wp\/v2\/media\/948"}],"wp:attachment":[{"href":"https:\/\/nadine-imboden.ch\/en\/wp-json\/wp\/v2\/media?parent=952"}],"wp:term":[{"taxonomy":"category","embeddable":true,"href":"https:\/\/nadine-imboden.ch\/en\/wp-json\/wp\/v2\/categories?post=952"},{"taxonomy":"post_tag","embeddable":true,"href":"https:\/\/nadine-imboden.ch\/en\/wp-json\/wp\/v2\/tags?post=952"}],"curies":[{"name":"wp","href":"https:\/\/api.w.org\/{rel}","templated":true}]}}