{"id":680,"date":"2015-02-28T23:02:57","date_gmt":"2015-02-28T23:02:57","guid":{"rendered":"http:\/\/nadineimboden.cyon.site\/?p=680"},"modified":"2020-10-02T13:17:55","modified_gmt":"2020-10-02T11:17:55","slug":"swiss-music-award-2015-2","status":"publish","type":"post","link":"https:\/\/nadine-imboden.ch\/en\/swiss-music-award-2015-2\/","title":{"rendered":"Swiss Music Award 2015 mit Stefanie Heinzmann"},"content":{"rendered":"<p><b>Swiss Music Award 2015 \u2013 Live auf SRF 1<\/b><\/p>\n<p>Unter dem Motto \u201eMusic To Live!\u201c fand am Freitag 28. Februar 2015 , im Z\u00fcrcher Hallenstadion der 8. \u201eSwiss Music Award\u201c statt.<\/p>\n<p>Bereits zum zweiten Mal in Folge, durfte Nadine Imboden GmbH, den choreografischen Part f\u00fcr den gr\u00f6ssten und wichtigsten Schweizer Musikpreis \u00fcbernehmen.<\/p>\n<p>Als Premiere performte Stefanie Heinzmann Ihren Brandneuen Hit \u201eFire\u201c .\u00a018 T\u00e4nzer unterst\u00fctzten den Auftritt mit einer powervollen Inszenierung und heizten dem Publikum richtig ein.<\/p>\n<p>In Erinnerung bleibt ein unvergesslicher Abend mit hochkar\u00e4tigen Live-Acts und grossen, eindr\u00fccklichen Performances.<\/p>\n","protected":false},"excerpt":{"rendered":"<p>Swiss Music Award 2015 \u2013 Live auf SRF 1 Unter dem Motto \u201eMusic To Live!\u201c fand am Freitag 28. Februar 2015 , im Z\u00fcrcher Hallenstadion der 8. \u201eSwiss Music Award\u201c statt. Bereits zum zweiten Mal in Folge, durfte Nadine Imboden GmbH, den choreografischen Part f\u00fcr den gr\u00f6ssten und wichtigsten Schweizer Musikpreis \u00fcbernehmen. Als Premiere performte [&hellip;]<\/p>\n","protected":false},"author":3,"featured_media":686,"comment_status":"closed","ping_status":"open","sticky":false,"template":"","format":"standard","meta":{"inline_featured_image":false},"categories":[4],"tags":[],"yoast_head":"<!-- This site is optimized with the Yoast SEO plugin v21.8.1 - https:\/\/yoast.com\/wordpress\/plugins\/seo\/ -->\n<title>Swiss Music Award 2015 mit Stefanie Heinzmann - Nadine Imboden<\/title>\n<meta name=\"robots\" content=\"index, follow, max-snippet:-1, max-image-preview:large, max-video-preview:-1\" \/>\n<link rel=\"canonical\" href=\"https:\/\/nadine-imboden.ch\/en\/swiss-music-award-2015-2\/\" \/>\n<meta property=\"og:locale\" content=\"en_GB\" \/>\n<meta property=\"og:type\" content=\"article\" \/>\n<meta property=\"og:title\" content=\"Swiss Music Award 2015 mit Stefanie Heinzmann - Nadine Imboden\" \/>\n<meta property=\"og:description\" content=\"Swiss Music Award 2015 \u2013 Live auf SRF 1 Unter dem Motto \u201eMusic To Live!\u201c fand am Freitag 28. Februar 2015 , im Z\u00fcrcher Hallenstadion der 8. \u201eSwiss Music Award\u201c statt. Bereits zum zweiten Mal in Folge, durfte Nadine Imboden GmbH, den choreografischen Part f\u00fcr den gr\u00f6ssten und wichtigsten Schweizer Musikpreis \u00fcbernehmen. Als Premiere performte [&hellip;]\" \/>\n<meta property=\"og:url\" content=\"https:\/\/nadine-imboden.ch\/en\/swiss-music-award-2015-2\/\" \/>\n<meta property=\"og:site_name\" content=\"Nadine Imboden\" \/>\n<meta property=\"article:publisher\" content=\"https:\/\/www.facebook.com\/nadine.imboden\" \/>\n<meta property=\"article:published_time\" content=\"2015-02-28T23:02:57+00:00\" \/>\n<meta property=\"article:modified_time\" content=\"2020-10-02T11:17:55+00:00\" \/>\n<meta property=\"og:image\" content=\"https:\/\/nadine-imboden.ch\/wp-content\/uploads\/2015\/02\/unnamed.jpg\" \/>\n\t<meta property=\"og:image:width\" content=\"1280\" \/>\n\t<meta property=\"og:image:height\" content=\"960\" \/>\n\t<meta property=\"og:image:type\" content=\"image\/jpeg\" \/>\n<meta name=\"author\" content=\"nadine_admin\" \/>\n<meta name=\"twitter:card\" content=\"summary_large_image\" \/>\n<meta name=\"twitter:creator\" content=\"@NadineImboden\" \/>\n<meta name=\"twitter:site\" content=\"@NadineImboden\" \/>\n<meta name=\"twitter:label1\" content=\"Written by\" \/>\n\t<meta name=\"twitter:data1\" content=\"nadine_admin\" \/>\n<script type=\"application\/ld+json\" class=\"yoast-schema-graph\">{\"@context\":\"https:\/\/schema.org\",\"@graph\":[{\"@type\":\"Article\",\"@id\":\"https:\/\/nadine-imboden.ch\/en\/swiss-music-award-2015-2\/#article\",\"isPartOf\":{\"@id\":\"https:\/\/nadine-imboden.ch\/en\/swiss-music-award-2015-2\/\"},\"author\":{\"name\":\"nadine_admin\",\"@id\":\"https:\/\/nadine-imboden.ch\/en\/#\/schema\/person\/9002b665a56f94466e85caccc4136e94\"},\"headline\":\"Swiss Music Award 2015 mit Stefanie Heinzmann\",\"datePublished\":\"2015-02-28T23:02:57+00:00\",\"dateModified\":\"2020-10-02T11:17:55+00:00\",\"mainEntityOfPage\":{\"@id\":\"https:\/\/nadine-imboden.ch\/en\/swiss-music-award-2015-2\/\"},\"wordCount\":94,\"publisher\":{\"@id\":\"https:\/\/nadine-imboden.ch\/en\/#organization\"},\"articleSection\":[\"Uncategorized @en\"],\"inLanguage\":\"en-GB\"},{\"@type\":\"WebPage\",\"@id\":\"https:\/\/nadine-imboden.ch\/en\/swiss-music-award-2015-2\/\",\"url\":\"https:\/\/nadine-imboden.ch\/en\/swiss-music-award-2015-2\/\",\"name\":\"Swiss Music Award 2015 mit Stefanie Heinzmann - Nadine Imboden\",\"isPartOf\":{\"@id\":\"https:\/\/nadine-imboden.ch\/en\/#website\"},\"datePublished\":\"2015-02-28T23:02:57+00:00\",\"dateModified\":\"2020-10-02T11:17:55+00:00\",\"breadcrumb\":{\"@id\":\"https:\/\/nadine-imboden.ch\/en\/swiss-music-award-2015-2\/#breadcrumb\"},\"inLanguage\":\"en-GB\",\"potentialAction\":[{\"@type\":\"ReadAction\",\"target\":[\"https:\/\/nadine-imboden.ch\/en\/swiss-music-award-2015-2\/\"]}]},{\"@type\":\"BreadcrumbList\",\"@id\":\"https:\/\/nadine-imboden.ch\/en\/swiss-music-award-2015-2\/#breadcrumb\",\"itemListElement\":[{\"@type\":\"ListItem\",\"position\":1,\"name\":\"Startseite\",\"item\":\"https:\/\/nadine-imboden.ch\/en\/\"},{\"@type\":\"ListItem\",\"position\":2,\"name\":\"Swiss Music Award 2015 mit Stefanie Heinzmann\"}]},{\"@type\":\"WebSite\",\"@id\":\"https:\/\/nadine-imboden.ch\/en\/#website\",\"url\":\"https:\/\/nadine-imboden.ch\/en\/\",\"name\":\"Nadine Imboden\",\"description\":\"\",\"publisher\":{\"@id\":\"https:\/\/nadine-imboden.ch\/en\/#organization\"},\"potentialAction\":[{\"@type\":\"SearchAction\",\"target\":{\"@type\":\"EntryPoint\",\"urlTemplate\":\"https:\/\/nadine-imboden.ch\/en\/?s={search_term_string}\"},\"query-input\":\"required name=search_term_string\"}],\"inLanguage\":\"en-GB\"},{\"@type\":\"Organization\",\"@id\":\"https:\/\/nadine-imboden.ch\/en\/#organization\",\"name\":\"Nadine Imboden GmbH\",\"url\":\"https:\/\/nadine-imboden.ch\/en\/\",\"logo\":{\"@type\":\"ImageObject\",\"inLanguage\":\"en-GB\",\"@id\":\"https:\/\/nadine-imboden.ch\/en\/#\/schema\/logo\/image\/\",\"url\":\"https:\/\/nadine-imboden.ch\/wp-content\/uploads\/2020\/06\/ni_outline_web.png\",\"contentUrl\":\"https:\/\/nadine-imboden.ch\/wp-content\/uploads\/2020\/06\/ni_outline_web.png\",\"width\":217,\"height\":217,\"caption\":\"Nadine Imboden GmbH\"},\"image\":{\"@id\":\"https:\/\/nadine-imboden.ch\/en\/#\/schema\/logo\/image\/\"},\"sameAs\":[\"https:\/\/www.facebook.com\/nadine.imboden\",\"https:\/\/twitter.com\/NadineImboden\",\"https:\/\/www.instagram.com\/nadineimboden\/\",\"https:\/\/www.linkedin.com\/in\/nadine-imboden-7a282333\/\",\"https:\/\/www.youtube.com\/channel\/UCeoSl_yoKiFl9ltQ82Iit2w?view_as=subscriber\"]},{\"@type\":\"Person\",\"@id\":\"https:\/\/nadine-imboden.ch\/en\/#\/schema\/person\/9002b665a56f94466e85caccc4136e94\",\"name\":\"nadine_admin\"}]}<\/script>\n<!-- \/ Yoast SEO plugin. -->","yoast_head_json":{"title":"Swiss Music Award 2015 mit Stefanie Heinzmann - Nadine Imboden","robots":{"index":"index","follow":"follow","max-snippet":"max-snippet:-1","max-image-preview":"max-image-preview:large","max-video-preview":"max-video-preview:-1"},"canonical":"https:\/\/nadine-imboden.ch\/en\/swiss-music-award-2015-2\/","og_locale":"en_GB","og_type":"article","og_title":"Swiss Music Award 2015 mit Stefanie Heinzmann - Nadine Imboden","og_description":"Swiss Music Award 2015 \u2013 Live auf SRF 1 Unter dem Motto \u201eMusic To Live!\u201c fand am Freitag 28. Februar 2015 , im Z\u00fcrcher Hallenstadion der 8. \u201eSwiss Music Award\u201c statt. Bereits zum zweiten Mal in Folge, durfte Nadine Imboden GmbH, den choreografischen Part f\u00fcr den gr\u00f6ssten und wichtigsten Schweizer Musikpreis \u00fcbernehmen. Als Premiere performte [&hellip;]","og_url":"https:\/\/nadine-imboden.ch\/en\/swiss-music-award-2015-2\/","og_site_name":"Nadine Imboden","article_publisher":"https:\/\/www.facebook.com\/nadine.imboden","article_published_time":"2015-02-28T23:02:57+00:00","article_modified_time":"2020-10-02T11:17:55+00:00","og_image":[{"width":1280,"height":960,"url":"https:\/\/nadine-imboden.ch\/wp-content\/uploads\/2015\/02\/unnamed.jpg","type":"image\/jpeg"}],"author":"nadine_admin","twitter_card":"summary_large_image","twitter_creator":"@NadineImboden","twitter_site":"@NadineImboden","twitter_misc":{"Written by":"nadine_admin"},"schema":{"@context":"https:\/\/schema.org","@graph":[{"@type":"Article","@id":"https:\/\/nadine-imboden.ch\/en\/swiss-music-award-2015-2\/#article","isPartOf":{"@id":"https:\/\/nadine-imboden.ch\/en\/swiss-music-award-2015-2\/"},"author":{"name":"nadine_admin","@id":"https:\/\/nadine-imboden.ch\/en\/#\/schema\/person\/9002b665a56f94466e85caccc4136e94"},"headline":"Swiss Music Award 2015 mit Stefanie Heinzmann","datePublished":"2015-02-28T23:02:57+00:00","dateModified":"2020-10-02T11:17:55+00:00","mainEntityOfPage":{"@id":"https:\/\/nadine-imboden.ch\/en\/swiss-music-award-2015-2\/"},"wordCount":94,"publisher":{"@id":"https:\/\/nadine-imboden.ch\/en\/#organization"},"articleSection":["Uncategorized @en"],"inLanguage":"en-GB"},{"@type":"WebPage","@id":"https:\/\/nadine-imboden.ch\/en\/swiss-music-award-2015-2\/","url":"https:\/\/nadine-imboden.ch\/en\/swiss-music-award-2015-2\/","name":"Swiss Music Award 2015 mit Stefanie Heinzmann - Nadine Imboden","isPartOf":{"@id":"https:\/\/nadine-imboden.ch\/en\/#website"},"datePublished":"2015-02-28T23:02:57+00:00","dateModified":"2020-10-02T11:17:55+00:00","breadcrumb":{"@id":"https:\/\/nadine-imboden.ch\/en\/swiss-music-award-2015-2\/#breadcrumb"},"inLanguage":"en-GB","potentialAction":[{"@type":"ReadAction","target":["https:\/\/nadine-imboden.ch\/en\/swiss-music-award-2015-2\/"]}]},{"@type":"BreadcrumbList","@id":"https:\/\/nadine-imboden.ch\/en\/swiss-music-award-2015-2\/#breadcrumb","itemListElement":[{"@type":"ListItem","position":1,"name":"Startseite","item":"https:\/\/nadine-imboden.ch\/en\/"},{"@type":"ListItem","position":2,"name":"Swiss Music Award 2015 mit Stefanie Heinzmann"}]},{"@type":"WebSite","@id":"https:\/\/nadine-imboden.ch\/en\/#website","url":"https:\/\/nadine-imboden.ch\/en\/","name":"Nadine Imboden","description":"","publisher":{"@id":"https:\/\/nadine-imboden.ch\/en\/#organization"},"potentialAction":[{"@type":"SearchAction","target":{"@type":"EntryPoint","urlTemplate":"https:\/\/nadine-imboden.ch\/en\/?s={search_term_string}"},"query-input":"required name=search_term_string"}],"inLanguage":"en-GB"},{"@type":"Organization","@id":"https:\/\/nadine-imboden.ch\/en\/#organization","name":"Nadine Imboden GmbH","url":"https:\/\/nadine-imboden.ch\/en\/","logo":{"@type":"ImageObject","inLanguage":"en-GB","@id":"https:\/\/nadine-imboden.ch\/en\/#\/schema\/logo\/image\/","url":"https:\/\/nadine-imboden.ch\/wp-content\/uploads\/2020\/06\/ni_outline_web.png","contentUrl":"https:\/\/nadine-imboden.ch\/wp-content\/uploads\/2020\/06\/ni_outline_web.png","width":217,"height":217,"caption":"Nadine Imboden GmbH"},"image":{"@id":"https:\/\/nadine-imboden.ch\/en\/#\/schema\/logo\/image\/"},"sameAs":["https:\/\/www.facebook.com\/nadine.imboden","https:\/\/twitter.com\/NadineImboden","https:\/\/www.instagram.com\/nadineimboden\/","https:\/\/www.linkedin.com\/in\/nadine-imboden-7a282333\/","https:\/\/www.youtube.com\/channel\/UCeoSl_yoKiFl9ltQ82Iit2w?view_as=subscriber"]},{"@type":"Person","@id":"https:\/\/nadine-imboden.ch\/en\/#\/schema\/person\/9002b665a56f94466e85caccc4136e94","name":"nadine_admin"}]}},"_links":{"self":[{"href":"https:\/\/nadine-imboden.ch\/en\/wp-json\/wp\/v2\/posts\/680"}],"collection":[{"href":"https:\/\/nadine-imboden.ch\/en\/wp-json\/wp\/v2\/posts"}],"about":[{"href":"https:\/\/nadine-imboden.ch\/en\/wp-json\/wp\/v2\/types\/post"}],"author":[{"embeddable":true,"href":"https:\/\/nadine-imboden.ch\/en\/wp-json\/wp\/v2\/users\/3"}],"replies":[{"embeddable":true,"href":"https:\/\/nadine-imboden.ch\/en\/wp-json\/wp\/v2\/comments?post=680"}],"version-history":[{"count":4,"href":"https:\/\/nadine-imboden.ch\/en\/wp-json\/wp\/v2\/posts\/680\/revisions"}],"predecessor-version":[{"id":3487,"href":"https:\/\/nadine-imboden.ch\/en\/wp-json\/wp\/v2\/posts\/680\/revisions\/3487"}],"wp:featuredmedia":[{"embeddable":true,"href":"https:\/\/nadine-imboden.ch\/en\/wp-json\/wp\/v2\/media\/686"}],"wp:attachment":[{"href":"https:\/\/nadine-imboden.ch\/en\/wp-json\/wp\/v2\/media?parent=680"}],"wp:term":[{"taxonomy":"category","embeddable":true,"href":"https:\/\/nadine-imboden.ch\/en\/wp-json\/wp\/v2\/categories?post=680"},{"taxonomy":"post_tag","embeddable":true,"href":"https:\/\/nadine-imboden.ch\/en\/wp-json\/wp\/v2\/tags?post=680"}],"curies":[{"name":"wp","href":"https:\/\/api.w.org\/{rel}","templated":true}]}}