{"id":1084,"date":"2016-12-26T10:29:25","date_gmt":"2016-12-26T10:29:25","guid":{"rendered":"http:\/\/nadineimboden.cyon.site\/?p=1084"},"modified":"2017-05-10T10:35:23","modified_gmt":"2017-05-10T10:35:23","slug":"90-austragung-des-spengler-cup-davos-2016","status":"publish","type":"post","link":"https:\/\/nadine-imboden.ch\/en\/90-austragung-des-spengler-cup-davos-2016\/","title":{"rendered":"90. Austragung des Spengler Cup Davos 2016\u00a0"},"content":{"rendered":"<p><strong>Starke Er\u00f6ffnungsshow des traditionstr\u00e4chtigen Eishockey-Turniers<br \/>\n<\/strong><br \/>\nDer Spengler Cup geh\u00f6rt nicht nur zu den gr\u00f6ssten Schweizer Sportanl\u00e4ssen, er ist auch das bedeutendste Klub-Eishockey-Turnier der Welt. Es war daher eine grosse Ehre f\u00fcr Nadine Imboden und ihr Team, zum zweiten Mal, mit der Inszenierung der Er\u00f6ffnungszeremonie des traditionstr\u00e4chtigen Spengler Cups 2015 betraut zu werden.<\/p>\n<p>Die Zeremonie war durch den Auftritt von kraftvollen und dynamischen Eisl\u00e4ufern gepr\u00e4gt und zusammen mit \u00a0&#8220;Mozart Heroes&#8221; inszeniert. So wurde auch dieses Jahr die Er\u00f6ffnungsfeier zu einem fulminanten Eis-Spektakel.<\/p>\n<p>&nbsp;<\/p>\n<p>Veranstaltung: Spengler Cup Davos<br \/>\nKunde: HC Davos<br \/>\nVeranstaltungsort: Vaillant Arena<br \/>\nKonzeption\/Choreografie: Nadine Imboden Gmbh<\/p>\n","protected":false},"excerpt":{"rendered":"<p>Starke Er\u00f6ffnungsshow des traditionstr\u00e4chtigen Eishockey-Turniers Der Spengler Cup geh\u00f6rt nicht nur zu den gr\u00f6ssten Schweizer Sportanl\u00e4ssen, er ist auch das bedeutendste Klub-Eishockey-Turnier der Welt. Es war daher eine grosse Ehre f\u00fcr Nadine Imboden und ihr Team, zum zweiten Mal, mit der Inszenierung der Er\u00f6ffnungszeremonie des traditionstr\u00e4chtigen Spengler Cups 2015 betraut zu werden. Die Zeremonie war [&hellip;]<\/p>\n","protected":false},"author":3,"featured_media":1083,"comment_status":"closed","ping_status":"open","sticky":false,"template":"","format":"standard","meta":{"inline_featured_image":false},"categories":[4],"tags":[],"yoast_head":"<!-- This site is optimized with the Yoast SEO plugin v21.8.1 - https:\/\/yoast.com\/wordpress\/plugins\/seo\/ -->\n<title>90. Austragung des Spengler Cup Davos 2016\u00a0 - Nadine Imboden<\/title>\n<meta name=\"robots\" content=\"index, follow, max-snippet:-1, max-image-preview:large, max-video-preview:-1\" \/>\n<link rel=\"canonical\" href=\"https:\/\/nadine-imboden.ch\/en\/90-austragung-des-spengler-cup-davos-2016\/\" \/>\n<meta property=\"og:locale\" content=\"en_GB\" \/>\n<meta property=\"og:type\" content=\"article\" \/>\n<meta property=\"og:title\" content=\"90. Austragung des Spengler Cup Davos 2016\u00a0 - Nadine Imboden\" \/>\n<meta property=\"og:description\" content=\"Starke Er\u00f6ffnungsshow des traditionstr\u00e4chtigen Eishockey-Turniers Der Spengler Cup geh\u00f6rt nicht nur zu den gr\u00f6ssten Schweizer Sportanl\u00e4ssen, er ist auch das bedeutendste Klub-Eishockey-Turnier der Welt. Es war daher eine grosse Ehre f\u00fcr Nadine Imboden und ihr Team, zum zweiten Mal, mit der Inszenierung der Er\u00f6ffnungszeremonie des traditionstr\u00e4chtigen Spengler Cups 2015 betraut zu werden. Die Zeremonie war [&hellip;]\" \/>\n<meta property=\"og:url\" content=\"https:\/\/nadine-imboden.ch\/en\/90-austragung-des-spengler-cup-davos-2016\/\" \/>\n<meta property=\"og:site_name\" content=\"Nadine Imboden\" \/>\n<meta property=\"article:publisher\" content=\"https:\/\/www.facebook.com\/nadine.imboden\" \/>\n<meta property=\"article:published_time\" content=\"2016-12-26T10:29:25+00:00\" \/>\n<meta property=\"article:modified_time\" content=\"2017-05-10T10:35:23+00:00\" \/>\n<meta property=\"og:image\" content=\"https:\/\/nadine-imboden.ch\/wp-content\/uploads\/2014\/11\/15625893_1226985257368795_471358203285858618_o.jpg\" \/>\n\t<meta property=\"og:image:width\" content=\"1080\" \/>\n\t<meta property=\"og:image:height\" content=\"1080\" \/>\n\t<meta property=\"og:image:type\" content=\"image\/jpeg\" \/>\n<meta name=\"author\" content=\"nadine_admin\" \/>\n<meta name=\"twitter:card\" content=\"summary_large_image\" \/>\n<meta name=\"twitter:creator\" content=\"@NadineImboden\" \/>\n<meta name=\"twitter:site\" content=\"@NadineImboden\" \/>\n<meta name=\"twitter:label1\" content=\"Written by\" \/>\n\t<meta name=\"twitter:data1\" content=\"nadine_admin\" \/>\n\t<meta name=\"twitter:label2\" content=\"Estimated reading time\" \/>\n\t<meta name=\"twitter:data2\" content=\"1 minute\" \/>\n<script type=\"application\/ld+json\" class=\"yoast-schema-graph\">{\"@context\":\"https:\/\/schema.org\",\"@graph\":[{\"@type\":\"Article\",\"@id\":\"https:\/\/nadine-imboden.ch\/en\/90-austragung-des-spengler-cup-davos-2016\/#article\",\"isPartOf\":{\"@id\":\"https:\/\/nadine-imboden.ch\/en\/90-austragung-des-spengler-cup-davos-2016\/\"},\"author\":{\"name\":\"nadine_admin\",\"@id\":\"https:\/\/nadine-imboden.ch\/en\/#\/schema\/person\/9002b665a56f94466e85caccc4136e94\"},\"headline\":\"90. Austragung des Spengler Cup Davos 2016\u00a0\",\"datePublished\":\"2016-12-26T10:29:25+00:00\",\"dateModified\":\"2017-05-10T10:35:23+00:00\",\"mainEntityOfPage\":{\"@id\":\"https:\/\/nadine-imboden.ch\/en\/90-austragung-des-spengler-cup-davos-2016\/\"},\"wordCount\":112,\"publisher\":{\"@id\":\"https:\/\/nadine-imboden.ch\/en\/#organization\"},\"articleSection\":[\"Uncategorized @en\"],\"inLanguage\":\"en-GB\"},{\"@type\":\"WebPage\",\"@id\":\"https:\/\/nadine-imboden.ch\/en\/90-austragung-des-spengler-cup-davos-2016\/\",\"url\":\"https:\/\/nadine-imboden.ch\/en\/90-austragung-des-spengler-cup-davos-2016\/\",\"name\":\"90. Austragung des Spengler Cup Davos 2016\u00a0 - Nadine Imboden\",\"isPartOf\":{\"@id\":\"https:\/\/nadine-imboden.ch\/en\/#website\"},\"datePublished\":\"2016-12-26T10:29:25+00:00\",\"dateModified\":\"2017-05-10T10:35:23+00:00\",\"breadcrumb\":{\"@id\":\"https:\/\/nadine-imboden.ch\/en\/90-austragung-des-spengler-cup-davos-2016\/#breadcrumb\"},\"inLanguage\":\"en-GB\",\"potentialAction\":[{\"@type\":\"ReadAction\",\"target\":[\"https:\/\/nadine-imboden.ch\/en\/90-austragung-des-spengler-cup-davos-2016\/\"]}]},{\"@type\":\"BreadcrumbList\",\"@id\":\"https:\/\/nadine-imboden.ch\/en\/90-austragung-des-spengler-cup-davos-2016\/#breadcrumb\",\"itemListElement\":[{\"@type\":\"ListItem\",\"position\":1,\"name\":\"Startseite\",\"item\":\"https:\/\/nadine-imboden.ch\/en\/\"},{\"@type\":\"ListItem\",\"position\":2,\"name\":\"90. Austragung des Spengler Cup Davos 2016\u00a0\"}]},{\"@type\":\"WebSite\",\"@id\":\"https:\/\/nadine-imboden.ch\/en\/#website\",\"url\":\"https:\/\/nadine-imboden.ch\/en\/\",\"name\":\"Nadine Imboden\",\"description\":\"\",\"publisher\":{\"@id\":\"https:\/\/nadine-imboden.ch\/en\/#organization\"},\"potentialAction\":[{\"@type\":\"SearchAction\",\"target\":{\"@type\":\"EntryPoint\",\"urlTemplate\":\"https:\/\/nadine-imboden.ch\/en\/?s={search_term_string}\"},\"query-input\":\"required name=search_term_string\"}],\"inLanguage\":\"en-GB\"},{\"@type\":\"Organization\",\"@id\":\"https:\/\/nadine-imboden.ch\/en\/#organization\",\"name\":\"Nadine Imboden GmbH\",\"url\":\"https:\/\/nadine-imboden.ch\/en\/\",\"logo\":{\"@type\":\"ImageObject\",\"inLanguage\":\"en-GB\",\"@id\":\"https:\/\/nadine-imboden.ch\/en\/#\/schema\/logo\/image\/\",\"url\":\"https:\/\/nadine-imboden.ch\/wp-content\/uploads\/2020\/06\/ni_outline_web.png\",\"contentUrl\":\"https:\/\/nadine-imboden.ch\/wp-content\/uploads\/2020\/06\/ni_outline_web.png\",\"width\":217,\"height\":217,\"caption\":\"Nadine Imboden GmbH\"},\"image\":{\"@id\":\"https:\/\/nadine-imboden.ch\/en\/#\/schema\/logo\/image\/\"},\"sameAs\":[\"https:\/\/www.facebook.com\/nadine.imboden\",\"https:\/\/twitter.com\/NadineImboden\",\"https:\/\/www.instagram.com\/nadineimboden\/\",\"https:\/\/www.linkedin.com\/in\/nadine-imboden-7a282333\/\",\"https:\/\/www.youtube.com\/channel\/UCeoSl_yoKiFl9ltQ82Iit2w?view_as=subscriber\"]},{\"@type\":\"Person\",\"@id\":\"https:\/\/nadine-imboden.ch\/en\/#\/schema\/person\/9002b665a56f94466e85caccc4136e94\",\"name\":\"nadine_admin\"}]}<\/script>\n<!-- \/ Yoast SEO plugin. -->","yoast_head_json":{"title":"90. Austragung des Spengler Cup Davos 2016\u00a0 - Nadine Imboden","robots":{"index":"index","follow":"follow","max-snippet":"max-snippet:-1","max-image-preview":"max-image-preview:large","max-video-preview":"max-video-preview:-1"},"canonical":"https:\/\/nadine-imboden.ch\/en\/90-austragung-des-spengler-cup-davos-2016\/","og_locale":"en_GB","og_type":"article","og_title":"90. Austragung des Spengler Cup Davos 2016\u00a0 - Nadine Imboden","og_description":"Starke Er\u00f6ffnungsshow des traditionstr\u00e4chtigen Eishockey-Turniers Der Spengler Cup geh\u00f6rt nicht nur zu den gr\u00f6ssten Schweizer Sportanl\u00e4ssen, er ist auch das bedeutendste Klub-Eishockey-Turnier der Welt. Es war daher eine grosse Ehre f\u00fcr Nadine Imboden und ihr Team, zum zweiten Mal, mit der Inszenierung der Er\u00f6ffnungszeremonie des traditionstr\u00e4chtigen Spengler Cups 2015 betraut zu werden. Die Zeremonie war [&hellip;]","og_url":"https:\/\/nadine-imboden.ch\/en\/90-austragung-des-spengler-cup-davos-2016\/","og_site_name":"Nadine Imboden","article_publisher":"https:\/\/www.facebook.com\/nadine.imboden","article_published_time":"2016-12-26T10:29:25+00:00","article_modified_time":"2017-05-10T10:35:23+00:00","og_image":[{"width":1080,"height":1080,"url":"https:\/\/nadine-imboden.ch\/wp-content\/uploads\/2014\/11\/15625893_1226985257368795_471358203285858618_o.jpg","type":"image\/jpeg"}],"author":"nadine_admin","twitter_card":"summary_large_image","twitter_creator":"@NadineImboden","twitter_site":"@NadineImboden","twitter_misc":{"Written by":"nadine_admin","Estimated reading time":"1 minute"},"schema":{"@context":"https:\/\/schema.org","@graph":[{"@type":"Article","@id":"https:\/\/nadine-imboden.ch\/en\/90-austragung-des-spengler-cup-davos-2016\/#article","isPartOf":{"@id":"https:\/\/nadine-imboden.ch\/en\/90-austragung-des-spengler-cup-davos-2016\/"},"author":{"name":"nadine_admin","@id":"https:\/\/nadine-imboden.ch\/en\/#\/schema\/person\/9002b665a56f94466e85caccc4136e94"},"headline":"90. Austragung des Spengler Cup Davos 2016\u00a0","datePublished":"2016-12-26T10:29:25+00:00","dateModified":"2017-05-10T10:35:23+00:00","mainEntityOfPage":{"@id":"https:\/\/nadine-imboden.ch\/en\/90-austragung-des-spengler-cup-davos-2016\/"},"wordCount":112,"publisher":{"@id":"https:\/\/nadine-imboden.ch\/en\/#organization"},"articleSection":["Uncategorized @en"],"inLanguage":"en-GB"},{"@type":"WebPage","@id":"https:\/\/nadine-imboden.ch\/en\/90-austragung-des-spengler-cup-davos-2016\/","url":"https:\/\/nadine-imboden.ch\/en\/90-austragung-des-spengler-cup-davos-2016\/","name":"90. Austragung des Spengler Cup Davos 2016\u00a0 - Nadine Imboden","isPartOf":{"@id":"https:\/\/nadine-imboden.ch\/en\/#website"},"datePublished":"2016-12-26T10:29:25+00:00","dateModified":"2017-05-10T10:35:23+00:00","breadcrumb":{"@id":"https:\/\/nadine-imboden.ch\/en\/90-austragung-des-spengler-cup-davos-2016\/#breadcrumb"},"inLanguage":"en-GB","potentialAction":[{"@type":"ReadAction","target":["https:\/\/nadine-imboden.ch\/en\/90-austragung-des-spengler-cup-davos-2016\/"]}]},{"@type":"BreadcrumbList","@id":"https:\/\/nadine-imboden.ch\/en\/90-austragung-des-spengler-cup-davos-2016\/#breadcrumb","itemListElement":[{"@type":"ListItem","position":1,"name":"Startseite","item":"https:\/\/nadine-imboden.ch\/en\/"},{"@type":"ListItem","position":2,"name":"90. Austragung des Spengler Cup Davos 2016\u00a0"}]},{"@type":"WebSite","@id":"https:\/\/nadine-imboden.ch\/en\/#website","url":"https:\/\/nadine-imboden.ch\/en\/","name":"Nadine Imboden","description":"","publisher":{"@id":"https:\/\/nadine-imboden.ch\/en\/#organization"},"potentialAction":[{"@type":"SearchAction","target":{"@type":"EntryPoint","urlTemplate":"https:\/\/nadine-imboden.ch\/en\/?s={search_term_string}"},"query-input":"required name=search_term_string"}],"inLanguage":"en-GB"},{"@type":"Organization","@id":"https:\/\/nadine-imboden.ch\/en\/#organization","name":"Nadine Imboden GmbH","url":"https:\/\/nadine-imboden.ch\/en\/","logo":{"@type":"ImageObject","inLanguage":"en-GB","@id":"https:\/\/nadine-imboden.ch\/en\/#\/schema\/logo\/image\/","url":"https:\/\/nadine-imboden.ch\/wp-content\/uploads\/2020\/06\/ni_outline_web.png","contentUrl":"https:\/\/nadine-imboden.ch\/wp-content\/uploads\/2020\/06\/ni_outline_web.png","width":217,"height":217,"caption":"Nadine Imboden GmbH"},"image":{"@id":"https:\/\/nadine-imboden.ch\/en\/#\/schema\/logo\/image\/"},"sameAs":["https:\/\/www.facebook.com\/nadine.imboden","https:\/\/twitter.com\/NadineImboden","https:\/\/www.instagram.com\/nadineimboden\/","https:\/\/www.linkedin.com\/in\/nadine-imboden-7a282333\/","https:\/\/www.youtube.com\/channel\/UCeoSl_yoKiFl9ltQ82Iit2w?view_as=subscriber"]},{"@type":"Person","@id":"https:\/\/nadine-imboden.ch\/en\/#\/schema\/person\/9002b665a56f94466e85caccc4136e94","name":"nadine_admin"}]}},"_links":{"self":[{"href":"https:\/\/nadine-imboden.ch\/en\/wp-json\/wp\/v2\/posts\/1084"}],"collection":[{"href":"https:\/\/nadine-imboden.ch\/en\/wp-json\/wp\/v2\/posts"}],"about":[{"href":"https:\/\/nadine-imboden.ch\/en\/wp-json\/wp\/v2\/types\/post"}],"author":[{"embeddable":true,"href":"https:\/\/nadine-imboden.ch\/en\/wp-json\/wp\/v2\/users\/3"}],"replies":[{"embeddable":true,"href":"https:\/\/nadine-imboden.ch\/en\/wp-json\/wp\/v2\/comments?post=1084"}],"version-history":[{"count":2,"href":"https:\/\/nadine-imboden.ch\/en\/wp-json\/wp\/v2\/posts\/1084\/revisions"}],"predecessor-version":[{"id":1087,"href":"https:\/\/nadine-imboden.ch\/en\/wp-json\/wp\/v2\/posts\/1084\/revisions\/1087"}],"wp:featuredmedia":[{"embeddable":true,"href":"https:\/\/nadine-imboden.ch\/en\/wp-json\/wp\/v2\/media\/1083"}],"wp:attachment":[{"href":"https:\/\/nadine-imboden.ch\/en\/wp-json\/wp\/v2\/media?parent=1084"}],"wp:term":[{"taxonomy":"category","embeddable":true,"href":"https:\/\/nadine-imboden.ch\/en\/wp-json\/wp\/v2\/categories?post=1084"},{"taxonomy":"post_tag","embeddable":true,"href":"https:\/\/nadine-imboden.ch\/en\/wp-json\/wp\/v2\/tags?post=1084"}],"curies":[{"name":"wp","href":"https:\/\/api.w.org\/{rel}","templated":true}]}}